{"id":129,"date":"2011-12-01T07:46:32","date_gmt":"2011-12-01T07:46:32","guid":{"rendered":"http:\/\/venneravlife.no\/?p=129"},"modified":"2014-03-13T07:48:24","modified_gmt":"2014-03-13T07:48:24","slug":"rex-nursery-school-25-ar","status":"publish","type":"post","link":"https:\/\/venneravlife.no\/?p=129","title":{"rendered":"Rex Nursery School 25 \u00e5r"},"content":{"rendered":"<p>Onsdag 30. november 2011 var det duket for feiring i \u2028Fagikunda. Rex-skolen fylte 25 \u00e5r, og det skulle markeres med barnetog og fest.<\/p>\n<p>Alle de rundt 30 nordmennene som var med til Gambia, m\u00f8tte opp p\u00e5 skolen om morgenen, med oransje jubileums-T-skjorter, flagg og store forventninger. Skolebarna s\u00e5 om mulig enda mer forventningsfulle ut, der de stilte opp p\u00e5 rekke og rad i nyvaskede skoleuniformer, klare for sitt f\u00f8rste barnetog.<\/p>\n<p>Politiet stoppet trafikken<br \/>\nDet lokale politiet stanset bilene i de ellers s\u00e5 trafikkerte gatene, og folk gatelangs stoppet og heiet fram toget. F\u00f8rst gikk det innleide korpset med flotte uniformer, som s\u00e5 uhyggelige varme ut i 35 plussgrader. Deretter gikk den norske faddergjengen, med norske og gambiske flagg. Og til sist kom de rundt 300 skolebarna som sang av full hals. Fire kilometer gikk vi i litt uryddige rekker som l\u00e6rerne gjorde sitt beste for \u00e5 holde styr p\u00e5. Noen av barna tok av seg skoene underveis, enten fordi de ikke passet helt eller fordi de skulle spares p\u00e5. Alle fullf\u00f8rte med stil.<\/p>\n<p>En rask pust i bakken<br \/>\nDet var nok godt for barna \u00e5 f\u00e5 herje fritt da vi kom tilbake til skolen. Og for de av oss som ikke var vant til varmen, var det herlig \u00e5 f\u00e5 tatt en snartur tilbake til hotellet og avkj\u00f8lt oss i havet. Deretter kledde vi p\u00e5 oss de nyinnkj\u00f8pte gambiske kl\u00e6rne v\u00e5re og satte kursen tilbake til skolen &#8211; og den store festen.<\/p>\n<p>Den store jubileumsfesten<br \/>\nEt str\u00f8mbrudd forsinket under-holdningen, men heldigvis var korpset fortsatt p\u00e5 plass og spilte, mens vi ventet i skoleg\u00e5rden. Tre store partytelt var satt opp for \u00e5 beskytte oss fra den steikende sola: ett telt til de prominente gjestene som var invitert &#8211; den lokale imamen, ordf\u00f8reren og bidragsytere til skolen, samt oss faddere. Ett telt var forbeholdt skolebarnas foreldre og s\u00f8sken. Og i det siste teltet var alle skolebarna benket: rekke og rad med sm\u00e5, stolte barn som skulle vise hva de hadde l\u00e6rt.<\/p>\n<p><a href=\"http:\/\/venneravlife.no\/wp-content\/uploads\/2014\/03\/tog.jpg\"><img loading=\"lazy\" decoding=\"async\" class=\"alignnone size-full wp-image-9\" alt=\"tog\" src=\"http:\/\/venneravlife.no\/wp-content\/uploads\/2014\/03\/tog.jpg\" width=\"1170\" height=\"554\" \/><\/a><\/p>\n<p>&nbsp;<\/p>\n<p>S\u00e5 kom str\u00f8mmen tilbake, og festen kunne begynne! Skolebarna underholdt med sang, dikt og skuespill p\u00e5 klingende engelsk og med h\u00f8y og alvorlig r\u00f8st. Noen mer nerv\u00f8se enn andre &#8211; men alle veldig flinke. Deretter ble skolens kokker, som alle har v\u00e6rt med fra skolen startet opp, hedret med diplomer og rosende ord. Skolens styre ble ropt opp for \u00e5 motta heder for sin innsats gjennom disse 25 \u00e5rene, og til sist ble skolebygningenes nye navneskilt avduket.<\/p>\n<p>Mellom innslagene b\u00f8d l\u00e6rerne og skolebarna opp til dans, s\u00e5 selv de mest stivlemmede av oss fikk ristet l\u00f8s. Barna var ellers imponerende gode til \u00e5 sitte rolig, men da solen gikk ned og temperaturen igjen ble behagelig, var det nok godt \u00e5 f\u00e5 avslutte med lek og et herrem\u00e5ltid for skolebarn, familier og alle landsbyboerne som hadde m\u00f8tt opp.<\/p>\n<p>Kvelden ble rundet av med middag for tilreisende nordmenn og l\u00e6rere ved langbord utenfor skolens bolig. Nydelig koldtbord, med blant annet stekt ris og deilig lady fish. Det var b\u00e5de hyggelig og fascinerende \u00e5 f\u00e5 prate med l\u00e6rerne i ro og mak rundt bordet. For noen historier de kunne fortelle! B\u00e5de om egen oppvekst og om sitt virke ved skolen. Det ble en fin avslutning p\u00e5 en fantastisk dag.<\/p>\n","protected":false},"excerpt":{"rendered":"<p>Onsdag 30. november 2011 var det duket for feiring i \u2028Fagikunda. Rex-skolen fylte 25 \u00e5r, og det skulle markeres med barnetog og fest. Alle de rundt 30 nordmennene som var med til Gambia, m\u00f8tte opp p\u00e5 skolen om morgenen, med oransje jubileums-T-skjorter, flagg og store forventninger. Skolebarna s\u00e5 om mulig enda mer forventningsfulle ut, der [&hellip;]<\/p>\n","protected":false},"author":1,"featured_media":0,"comment_status":"closed","ping_status":"closed","sticky":false,"template":"","format":"standard","meta":{"footnotes":""},"categories":[5],"tags":[],"class_list":{"0":"post-129","1":"post","2":"type-post","3":"status-publish","4":"format-standard","6":"category-nyheter","7":"czr-hentry"},"_links":{"self":[{"href":"https:\/\/venneravlife.no\/index.php?rest_route=\/wp\/v2\/posts\/129","targetHints":{"allow":["GET"]}}],"collection":[{"href":"https:\/\/venneravlife.no\/index.php?rest_route=\/wp\/v2\/posts"}],"about":[{"href":"https:\/\/venneravlife.no\/index.php?rest_route=\/wp\/v2\/types\/post"}],"author":[{"embeddable":true,"href":"https:\/\/venneravlife.no\/index.php?rest_route=\/wp\/v2\/users\/1"}],"replies":[{"embeddable":true,"href":"https:\/\/venneravlife.no\/index.php?rest_route=%2Fwp%2Fv2%2Fcomments&post=129"}],"version-history":[{"count":1,"href":"https:\/\/venneravlife.no\/index.php?rest_route=\/wp\/v2\/posts\/129\/revisions"}],"predecessor-version":[{"id":130,"href":"https:\/\/venneravlife.no\/index.php?rest_route=\/wp\/v2\/posts\/129\/revisions\/130"}],"wp:attachment":[{"href":"https:\/\/venneravlife.no\/index.php?rest_route=%2Fwp%2Fv2%2Fmedia&parent=129"}],"wp:term":[{"taxonomy":"category","embeddable":true,"href":"https:\/\/venneravlife.no\/index.php?rest_route=%2Fwp%2Fv2%2Fcategories&post=129"},{"taxonomy":"post_tag","embeddable":true,"href":"https:\/\/venneravlife.no\/index.php?rest_route=%2Fwp%2Fv2%2Ftags&post=129"}],"curies":[{"name":"wp","href":"https:\/\/api.w.org\/{rel}","templated":true}]}}